{"id":7469,"date":"2023-09-04T11:22:00","date_gmt":"2023-09-04T09:22:00","guid":{"rendered":"https:\/\/soclema.com\/les-actualites\/?p=7469"},"modified":"2023-09-27T11:12:14","modified_gmt":"2023-09-27T09:12:14","slug":"du-nouveau-dans-lequipe-soclema","status":"publish","type":"post","link":"https:\/\/soclema.com\/les-actualites\/2023\/09\/04\/du-nouveau-dans-lequipe-soclema\/","title":{"rendered":"DU NOUVEAU DANS L&#8217;EQUIPE SOCLEMA"},"content":{"rendered":"\n<div class=\"wp-block-media-text alignwide is-stacked-on-mobile\"><figure class=\"wp-block-media-text__media\"><img loading=\"lazy\" decoding=\"async\" width=\"1024\" height=\"745\" src=\"https:\/\/soclema.com\/les-actualites\/wp-content\/uploads\/2023\/09\/soclema_equipe-soclema-2-scaled-e1695643357938-1024x745.jpg\" alt=\"soclema_equipe-soclema\" class=\"wp-image-7611 size-full\" srcset=\"https:\/\/soclema.com\/les-actualites\/wp-content\/uploads\/2023\/09\/soclema_equipe-soclema-2-scaled-e1695643357938-1024x745.jpg 1024w, https:\/\/soclema.com\/les-actualites\/wp-content\/uploads\/2023\/09\/soclema_equipe-soclema-2-scaled-e1695643357938-400x291.jpg 400w, https:\/\/soclema.com\/les-actualites\/wp-content\/uploads\/2023\/09\/soclema_equipe-soclema-2-scaled-e1695643357938-768x559.jpg 768w, https:\/\/soclema.com\/les-actualites\/wp-content\/uploads\/2023\/09\/soclema_equipe-soclema-2-scaled-e1695643357938-1536x1118.jpg 1536w, https:\/\/soclema.com\/les-actualites\/wp-content\/uploads\/2023\/09\/soclema_equipe-soclema-2-scaled-e1695643357938-2048x1491.jpg 2048w, https:\/\/soclema.com\/les-actualites\/wp-content\/uploads\/2023\/09\/soclema_equipe-soclema-2-scaled-e1695643357938-700x510.jpg 700w\" sizes=\"auto, (max-width: 1024px) 100vw, 1024px\" \/><\/figure><div class=\"wp-block-media-text__content\">\n<h2 class=\"wp-block-heading\">Avec une activit\u00e9 en pleine croissance, la famille SOCLEMA s&#8217;agrandit\u2026<\/h2>\n\n\n\n<p>L&#8217;\u00e9quipe s&#8217;est \u00e9toff\u00e9e pour r\u00e9pondre \u00e0 des demandes croissantes et d\u00e9velopper de nouveaux produits et de nouvelles solutions pour les march\u00e9s du gaz renouvelable. <\/p>\n\n\n\n<p>Notre service technique et notre service commercial se sont notamment renforc\u00e9s avec de nouvelles comp\u00e9tences en analyse, mise en service, maintenance et SAV.<\/p>\n<\/div><\/div>\n\n\n\n<hr class=\"wp-block-separator has-text-color has-background has-white-background-color has-white-color\"\/>\n\n\n\n<p>De gauche \u00e0 droite:<\/p>\n\n\n\n<div class=\"wp-block-columns is-layout-flex wp-container-core-columns-is-layout-9d6595d7 wp-block-columns-is-layout-flex\">\n<div class=\"wp-block-column is-vertically-aligned-top is-layout-flow wp-block-column-is-layout-flow\">\n<ul class=\"wp-block-list\"><li>Christophe BARBE, Charg\u00e9 de Projets<\/li><li>Yannis DELMAS, Charg\u00e9 de Projets<\/li><li>K\u00e9vin GIRON, Charg\u00e9 de Projets<\/li><li>Wilfried AMENOUDJI, Responsable Technique et Magasin<\/li><li>Alice COLE, Responsable Commerciale<\/li><\/ul>\n<\/div>\n\n\n\n<div class=\"wp-block-column is-layout-flow wp-block-column-is-layout-flow\">\n<ul class=\"wp-block-list\"><li>Cl\u00e9ment PERNOT, Responsable Technique<\/li><li>Nadia SKOROBULATOVA, Responsable ADV<\/li><li>Olivier PERNOT, Directeur<\/li><li>Fabienne FRONTIERE, Responsable Marketing<\/li><\/ul>\n<\/div>\n<\/div>\n","protected":false},"excerpt":{"rendered":"<p>Avec une activit\u00e9 en pleine croissance, la famille SOCLEMA s&#8217;agrandit\u2026 L&#8217;\u00e9quipe s&#8217;est \u00e9toff\u00e9e pour r\u00e9pondre \u00e0 des demandes croissantes et d\u00e9velopper de nouveaux produits et de nouvelles solutions pour les march\u00e9s du gaz renouvelable. Notre service technique et notre service commercial se sont notamment renforc\u00e9s avec de nouvelles comp\u00e9tences en analyse, mise en service, maintenance [&hellip;]<\/p>\n","protected":false},"author":5,"featured_media":7603,"comment_status":"open","ping_status":"open","sticky":false,"template":"","format":"standard","meta":{"footnotes":""},"categories":[2],"tags":[],"class_list":["post-7469","post","type-post","status-publish","format-standard","has-post-thumbnail","hentry","category-blog"],"yoast_head":"<!-- This site is optimized with the Yoast SEO plugin v26.7 - https:\/\/yoast.com\/wordpress\/plugins\/seo\/ -->\n<title>DU NOUVEAU DANS L&#039;EQUIPE SOCLEMA - Soclema<\/title>\n<meta name=\"description\" content=\"L&#039;\u00e9quipe SOCLEMA s&#039;est \u00e9toff\u00e9e pour r\u00e9pondre \u00e0 des demandes croissantes et d\u00e9velopper de nouveaux produits et de nouvelles solutions.\" \/>\n<meta name=\"robots\" content=\"index, follow, max-snippet:-1, max-image-preview:large, max-video-preview:-1\" \/>\n<link rel=\"canonical\" href=\"https:\/\/soclema.com\/les-actualites\/2023\/09\/04\/du-nouveau-dans-lequipe-soclema\/\" \/>\n<meta property=\"og:locale\" content=\"fr_FR\" \/>\n<meta property=\"og:type\" content=\"article\" \/>\n<meta property=\"og:title\" content=\"DU NOUVEAU DANS L&#039;EQUIPE SOCLEMA - Soclema\" \/>\n<meta property=\"og:description\" content=\"L&#039;\u00e9quipe SOCLEMA s&#039;est \u00e9toff\u00e9e pour r\u00e9pondre \u00e0 des demandes croissantes et d\u00e9velopper de nouveaux produits et de nouvelles solutions.\" \/>\n<meta property=\"og:url\" content=\"https:\/\/soclema.com\/les-actualites\/2023\/09\/04\/du-nouveau-dans-lequipe-soclema\/\" \/>\n<meta property=\"og:site_name\" content=\"Soclema\" \/>\n<meta property=\"article:published_time\" content=\"2023-09-04T09:22:00+00:00\" \/>\n<meta property=\"article:modified_time\" content=\"2023-09-27T09:12:14+00:00\" \/>\n<meta property=\"og:image\" content=\"https:\/\/soclema.com\/les-actualites\/wp-content\/uploads\/2023\/09\/soclema_Equipe-soclema-1.jpg\" \/>\n\t<meta property=\"og:image:width\" content=\"1000\" \/>\n\t<meta property=\"og:image:height\" content=\"1000\" \/>\n\t<meta property=\"og:image:type\" content=\"image\/jpeg\" \/>\n<meta name=\"author\" content=\"Fabienne Fronti\u00e8re\" \/>\n<meta name=\"twitter:card\" content=\"summary_large_image\" \/>\n<meta name=\"twitter:label1\" content=\"\u00c9crit par\" \/>\n\t<meta name=\"twitter:data1\" content=\"Fabienne Fronti\u00e8re\" \/>\n\t<meta name=\"twitter:label2\" content=\"Dur\u00e9e de lecture estim\u00e9e\" \/>\n\t<meta name=\"twitter:data2\" content=\"1 minute\" \/>\n<script type=\"application\/ld+json\" class=\"yoast-schema-graph\">{\"@context\":\"https:\/\/schema.org\",\"@graph\":[{\"@type\":\"Article\",\"@id\":\"https:\/\/soclema.com\/les-actualites\/2023\/09\/04\/du-nouveau-dans-lequipe-soclema\/#article\",\"isPartOf\":{\"@id\":\"https:\/\/soclema.com\/les-actualites\/2023\/09\/04\/du-nouveau-dans-lequipe-soclema\/\"},\"author\":{\"name\":\"Fabienne Fronti\u00e8re\",\"@id\":\"https:\/\/soclema.com\/les-actualites\/#\/schema\/person\/e458f2d36ae1a6f21885f76b85591d45\"},\"headline\":\"DU NOUVEAU DANS L&#8217;EQUIPE SOCLEMA\",\"datePublished\":\"2023-09-04T09:22:00+00:00\",\"dateModified\":\"2023-09-27T09:12:14+00:00\",\"mainEntityOfPage\":{\"@id\":\"https:\/\/soclema.com\/les-actualites\/2023\/09\/04\/du-nouveau-dans-lequipe-soclema\/\"},\"wordCount\":113,\"commentCount\":0,\"image\":{\"@id\":\"https:\/\/soclema.com\/les-actualites\/2023\/09\/04\/du-nouveau-dans-lequipe-soclema\/#primaryimage\"},\"thumbnailUrl\":\"https:\/\/soclema.com\/les-actualites\/wp-content\/uploads\/2023\/09\/soclema_Equipe-soclema-1.jpg\",\"articleSection\":[\"Blog\"],\"inLanguage\":\"fr-FR\",\"potentialAction\":[{\"@type\":\"CommentAction\",\"name\":\"Comment\",\"target\":[\"https:\/\/soclema.com\/les-actualites\/2023\/09\/04\/du-nouveau-dans-lequipe-soclema\/#respond\"]}]},{\"@type\":\"WebPage\",\"@id\":\"https:\/\/soclema.com\/les-actualites\/2023\/09\/04\/du-nouveau-dans-lequipe-soclema\/\",\"url\":\"https:\/\/soclema.com\/les-actualites\/2023\/09\/04\/du-nouveau-dans-lequipe-soclema\/\",\"name\":\"DU NOUVEAU DANS L'EQUIPE SOCLEMA - Soclema\",\"isPartOf\":{\"@id\":\"https:\/\/soclema.com\/les-actualites\/#website\"},\"primaryImageOfPage\":{\"@id\":\"https:\/\/soclema.com\/les-actualites\/2023\/09\/04\/du-nouveau-dans-lequipe-soclema\/#primaryimage\"},\"image\":{\"@id\":\"https:\/\/soclema.com\/les-actualites\/2023\/09\/04\/du-nouveau-dans-lequipe-soclema\/#primaryimage\"},\"thumbnailUrl\":\"https:\/\/soclema.com\/les-actualites\/wp-content\/uploads\/2023\/09\/soclema_Equipe-soclema-1.jpg\",\"datePublished\":\"2023-09-04T09:22:00+00:00\",\"dateModified\":\"2023-09-27T09:12:14+00:00\",\"author\":{\"@id\":\"https:\/\/soclema.com\/les-actualites\/#\/schema\/person\/e458f2d36ae1a6f21885f76b85591d45\"},\"description\":\"L'\u00e9quipe SOCLEMA s'est \u00e9toff\u00e9e pour r\u00e9pondre \u00e0 des demandes croissantes et d\u00e9velopper de nouveaux produits et de nouvelles solutions.\",\"breadcrumb\":{\"@id\":\"https:\/\/soclema.com\/les-actualites\/2023\/09\/04\/du-nouveau-dans-lequipe-soclema\/#breadcrumb\"},\"inLanguage\":\"fr-FR\",\"potentialAction\":[{\"@type\":\"ReadAction\",\"target\":[\"https:\/\/soclema.com\/les-actualites\/2023\/09\/04\/du-nouveau-dans-lequipe-soclema\/\"]}]},{\"@type\":\"ImageObject\",\"inLanguage\":\"fr-FR\",\"@id\":\"https:\/\/soclema.com\/les-actualites\/2023\/09\/04\/du-nouveau-dans-lequipe-soclema\/#primaryimage\",\"url\":\"https:\/\/soclema.com\/les-actualites\/wp-content\/uploads\/2023\/09\/soclema_Equipe-soclema-1.jpg\",\"contentUrl\":\"https:\/\/soclema.com\/les-actualites\/wp-content\/uploads\/2023\/09\/soclema_Equipe-soclema-1.jpg\",\"width\":1000,\"height\":1000,\"caption\":\"soclema_Equipe-soclema\"},{\"@type\":\"BreadcrumbList\",\"@id\":\"https:\/\/soclema.com\/les-actualites\/2023\/09\/04\/du-nouveau-dans-lequipe-soclema\/#breadcrumb\",\"itemListElement\":[{\"@type\":\"ListItem\",\"position\":1,\"name\":\"Accueil\",\"item\":\"https:\/\/soclema.com\/les-actualites\/\"},{\"@type\":\"ListItem\",\"position\":2,\"name\":\"DU NOUVEAU DANS L&rsquo;EQUIPE SOCLEMA\"}]},{\"@type\":\"WebSite\",\"@id\":\"https:\/\/soclema.com\/les-actualites\/#website\",\"url\":\"https:\/\/soclema.com\/les-actualites\/\",\"name\":\"Soclema\",\"description\":\"\",\"potentialAction\":[{\"@type\":\"SearchAction\",\"target\":{\"@type\":\"EntryPoint\",\"urlTemplate\":\"https:\/\/soclema.com\/les-actualites\/?s={search_term_string}\"},\"query-input\":{\"@type\":\"PropertyValueSpecification\",\"valueRequired\":true,\"valueName\":\"search_term_string\"}}],\"inLanguage\":\"fr-FR\"},{\"@type\":\"Person\",\"@id\":\"https:\/\/soclema.com\/les-actualites\/#\/schema\/person\/e458f2d36ae1a6f21885f76b85591d45\",\"name\":\"Fabienne Fronti\u00e8re\",\"image\":{\"@type\":\"ImageObject\",\"inLanguage\":\"fr-FR\",\"@id\":\"https:\/\/soclema.com\/les-actualites\/#\/schema\/person\/image\/\",\"url\":\"https:\/\/secure.gravatar.com\/avatar\/d6f5f28870cbf2756828e2f532ee86ee08af743eda5b6911ab9abe2d788a97ed?s=96&d=mm&r=g\",\"contentUrl\":\"https:\/\/secure.gravatar.com\/avatar\/d6f5f28870cbf2756828e2f532ee86ee08af743eda5b6911ab9abe2d788a97ed?s=96&d=mm&r=g\",\"caption\":\"Fabienne Fronti\u00e8re\"}}]}<\/script>\n<!-- \/ Yoast SEO plugin. -->","yoast_head_json":{"title":"DU NOUVEAU DANS L'EQUIPE SOCLEMA - Soclema","description":"L'\u00e9quipe SOCLEMA s'est \u00e9toff\u00e9e pour r\u00e9pondre \u00e0 des demandes croissantes et d\u00e9velopper de nouveaux produits et de nouvelles solutions.","robots":{"index":"index","follow":"follow","max-snippet":"max-snippet:-1","max-image-preview":"max-image-preview:large","max-video-preview":"max-video-preview:-1"},"canonical":"https:\/\/soclema.com\/les-actualites\/2023\/09\/04\/du-nouveau-dans-lequipe-soclema\/","og_locale":"fr_FR","og_type":"article","og_title":"DU NOUVEAU DANS L'EQUIPE SOCLEMA - Soclema","og_description":"L'\u00e9quipe SOCLEMA s'est \u00e9toff\u00e9e pour r\u00e9pondre \u00e0 des demandes croissantes et d\u00e9velopper de nouveaux produits et de nouvelles solutions.","og_url":"https:\/\/soclema.com\/les-actualites\/2023\/09\/04\/du-nouveau-dans-lequipe-soclema\/","og_site_name":"Soclema","article_published_time":"2023-09-04T09:22:00+00:00","article_modified_time":"2023-09-27T09:12:14+00:00","og_image":[{"width":1000,"height":1000,"url":"https:\/\/soclema.com\/les-actualites\/wp-content\/uploads\/2023\/09\/soclema_Equipe-soclema-1.jpg","type":"image\/jpeg"}],"author":"Fabienne Fronti\u00e8re","twitter_card":"summary_large_image","twitter_misc":{"\u00c9crit par":"Fabienne Fronti\u00e8re","Dur\u00e9e de lecture estim\u00e9e":"1 minute"},"schema":{"@context":"https:\/\/schema.org","@graph":[{"@type":"Article","@id":"https:\/\/soclema.com\/les-actualites\/2023\/09\/04\/du-nouveau-dans-lequipe-soclema\/#article","isPartOf":{"@id":"https:\/\/soclema.com\/les-actualites\/2023\/09\/04\/du-nouveau-dans-lequipe-soclema\/"},"author":{"name":"Fabienne Fronti\u00e8re","@id":"https:\/\/soclema.com\/les-actualites\/#\/schema\/person\/e458f2d36ae1a6f21885f76b85591d45"},"headline":"DU NOUVEAU DANS L&#8217;EQUIPE SOCLEMA","datePublished":"2023-09-04T09:22:00+00:00","dateModified":"2023-09-27T09:12:14+00:00","mainEntityOfPage":{"@id":"https:\/\/soclema.com\/les-actualites\/2023\/09\/04\/du-nouveau-dans-lequipe-soclema\/"},"wordCount":113,"commentCount":0,"image":{"@id":"https:\/\/soclema.com\/les-actualites\/2023\/09\/04\/du-nouveau-dans-lequipe-soclema\/#primaryimage"},"thumbnailUrl":"https:\/\/soclema.com\/les-actualites\/wp-content\/uploads\/2023\/09\/soclema_Equipe-soclema-1.jpg","articleSection":["Blog"],"inLanguage":"fr-FR","potentialAction":[{"@type":"CommentAction","name":"Comment","target":["https:\/\/soclema.com\/les-actualites\/2023\/09\/04\/du-nouveau-dans-lequipe-soclema\/#respond"]}]},{"@type":"WebPage","@id":"https:\/\/soclema.com\/les-actualites\/2023\/09\/04\/du-nouveau-dans-lequipe-soclema\/","url":"https:\/\/soclema.com\/les-actualites\/2023\/09\/04\/du-nouveau-dans-lequipe-soclema\/","name":"DU NOUVEAU DANS L'EQUIPE SOCLEMA - Soclema","isPartOf":{"@id":"https:\/\/soclema.com\/les-actualites\/#website"},"primaryImageOfPage":{"@id":"https:\/\/soclema.com\/les-actualites\/2023\/09\/04\/du-nouveau-dans-lequipe-soclema\/#primaryimage"},"image":{"@id":"https:\/\/soclema.com\/les-actualites\/2023\/09\/04\/du-nouveau-dans-lequipe-soclema\/#primaryimage"},"thumbnailUrl":"https:\/\/soclema.com\/les-actualites\/wp-content\/uploads\/2023\/09\/soclema_Equipe-soclema-1.jpg","datePublished":"2023-09-04T09:22:00+00:00","dateModified":"2023-09-27T09:12:14+00:00","author":{"@id":"https:\/\/soclema.com\/les-actualites\/#\/schema\/person\/e458f2d36ae1a6f21885f76b85591d45"},"description":"L'\u00e9quipe SOCLEMA s'est \u00e9toff\u00e9e pour r\u00e9pondre \u00e0 des demandes croissantes et d\u00e9velopper de nouveaux produits et de nouvelles solutions.","breadcrumb":{"@id":"https:\/\/soclema.com\/les-actualites\/2023\/09\/04\/du-nouveau-dans-lequipe-soclema\/#breadcrumb"},"inLanguage":"fr-FR","potentialAction":[{"@type":"ReadAction","target":["https:\/\/soclema.com\/les-actualites\/2023\/09\/04\/du-nouveau-dans-lequipe-soclema\/"]}]},{"@type":"ImageObject","inLanguage":"fr-FR","@id":"https:\/\/soclema.com\/les-actualites\/2023\/09\/04\/du-nouveau-dans-lequipe-soclema\/#primaryimage","url":"https:\/\/soclema.com\/les-actualites\/wp-content\/uploads\/2023\/09\/soclema_Equipe-soclema-1.jpg","contentUrl":"https:\/\/soclema.com\/les-actualites\/wp-content\/uploads\/2023\/09\/soclema_Equipe-soclema-1.jpg","width":1000,"height":1000,"caption":"soclema_Equipe-soclema"},{"@type":"BreadcrumbList","@id":"https:\/\/soclema.com\/les-actualites\/2023\/09\/04\/du-nouveau-dans-lequipe-soclema\/#breadcrumb","itemListElement":[{"@type":"ListItem","position":1,"name":"Accueil","item":"https:\/\/soclema.com\/les-actualites\/"},{"@type":"ListItem","position":2,"name":"DU NOUVEAU DANS L&rsquo;EQUIPE SOCLEMA"}]},{"@type":"WebSite","@id":"https:\/\/soclema.com\/les-actualites\/#website","url":"https:\/\/soclema.com\/les-actualites\/","name":"Soclema","description":"","potentialAction":[{"@type":"SearchAction","target":{"@type":"EntryPoint","urlTemplate":"https:\/\/soclema.com\/les-actualites\/?s={search_term_string}"},"query-input":{"@type":"PropertyValueSpecification","valueRequired":true,"valueName":"search_term_string"}}],"inLanguage":"fr-FR"},{"@type":"Person","@id":"https:\/\/soclema.com\/les-actualites\/#\/schema\/person\/e458f2d36ae1a6f21885f76b85591d45","name":"Fabienne Fronti\u00e8re","image":{"@type":"ImageObject","inLanguage":"fr-FR","@id":"https:\/\/soclema.com\/les-actualites\/#\/schema\/person\/image\/","url":"https:\/\/secure.gravatar.com\/avatar\/d6f5f28870cbf2756828e2f532ee86ee08af743eda5b6911ab9abe2d788a97ed?s=96&d=mm&r=g","contentUrl":"https:\/\/secure.gravatar.com\/avatar\/d6f5f28870cbf2756828e2f532ee86ee08af743eda5b6911ab9abe2d788a97ed?s=96&d=mm&r=g","caption":"Fabienne Fronti\u00e8re"}}]}},"_links":{"self":[{"href":"https:\/\/soclema.com\/les-actualites\/wp-json\/wp\/v2\/posts\/7469","targetHints":{"allow":["GET"]}}],"collection":[{"href":"https:\/\/soclema.com\/les-actualites\/wp-json\/wp\/v2\/posts"}],"about":[{"href":"https:\/\/soclema.com\/les-actualites\/wp-json\/wp\/v2\/types\/post"}],"author":[{"embeddable":true,"href":"https:\/\/soclema.com\/les-actualites\/wp-json\/wp\/v2\/users\/5"}],"replies":[{"embeddable":true,"href":"https:\/\/soclema.com\/les-actualites\/wp-json\/wp\/v2\/comments?post=7469"}],"version-history":[{"count":22,"href":"https:\/\/soclema.com\/les-actualites\/wp-json\/wp\/v2\/posts\/7469\/revisions"}],"predecessor-version":[{"id":7616,"href":"https:\/\/soclema.com\/les-actualites\/wp-json\/wp\/v2\/posts\/7469\/revisions\/7616"}],"wp:featuredmedia":[{"embeddable":true,"href":"https:\/\/soclema.com\/les-actualites\/wp-json\/wp\/v2\/media\/7603"}],"wp:attachment":[{"href":"https:\/\/soclema.com\/les-actualites\/wp-json\/wp\/v2\/media?parent=7469"}],"wp:term":[{"taxonomy":"category","embeddable":true,"href":"https:\/\/soclema.com\/les-actualites\/wp-json\/wp\/v2\/categories?post=7469"},{"taxonomy":"post_tag","embeddable":true,"href":"https:\/\/soclema.com\/les-actualites\/wp-json\/wp\/v2\/tags?post=7469"}],"curies":[{"name":"wp","href":"https:\/\/api.w.org\/{rel}","templated":true}]}}