{"id":8291,"date":"2024-09-02T08:39:00","date_gmt":"2024-09-02T06:39:00","guid":{"rendered":"https:\/\/soclema.com\/les-actualites\/?p=8291"},"modified":"2024-09-06T09:31:15","modified_gmt":"2024-09-06T07:31:15","slug":"soclema-a-mesures-solutions-expo-le-16-et-octobre-a-lyon","status":"publish","type":"post","link":"https:\/\/soclema.com\/les-actualites\/2024\/09\/02\/soclema-a-mesures-solutions-expo-le-16-et-octobre-a-lyon\/","title":{"rendered":"SOCLEMA \u00e0 Mesures Solutions EXPO le 16 et 17 octobre \u00e0 Lyon"},"content":{"rendered":"\n<div class=\"wp-block-media-text is-stacked-on-mobile\" style=\"grid-template-columns:38% auto\"><figure class=\"wp-block-media-text__media\"><a href=\"https:\/\/mesures-solutions-expo.fr\/\" target=\"_blank\" rel=\"noopener\"><img loading=\"lazy\" decoding=\"async\" width=\"300\" height=\"250\" src=\"https:\/\/soclema.com\/les-actualites\/wp-content\/uploads\/2024\/07\/ban_300x250px_MSE24.jpg\" alt=\"soclema-mesures-solutions-expo-2024-stand-c42\" class=\"wp-image-8296 size-full\"\/><\/a><\/figure><div class=\"wp-block-media-text__content\">\n<p style=\"font-size:18px\">SOCLEMA sera pr\u00e9sent au salon de la mesure industrielle <strong><a href=\"https:\/\/mesures-solutions-expo.fr\/\" target=\"_blank\" rel=\"noreferrer noopener\">Mesures Solutions EXPO2024<\/a><\/strong> qui aura lieu \u00e0 Lyon le 16 et 17 octobre 2024.<\/p>\n\n\n\n<p style=\"font-size:18px\">Venez rencontrer notre \u00e9quipe pour d\u00e9couvrir nos solutions d&#8217;\u00e9chantillonnage!<\/p>\n\n\n\n<p class=\"has-text-align-center has-luminous-vivid-orange-color has-text-color\" style=\"font-size:38px\"><strong>Stand C42<\/strong><\/p>\n<\/div><\/div>\n\n\n\n<p><\/p>\n","protected":false},"excerpt":{"rendered":"<p>SOCLEMA sera pr\u00e9sent au salon de la mesure industrielle Mesures Solutions EXPO2024 qui aura lieu \u00e0 Lyon le 16 et 17 octobre 2024. Venez rencontrer notre \u00e9quipe pour d\u00e9couvrir nos solutions d&#8217;\u00e9chantillonnage! Stand C42<\/p>\n","protected":false},"author":5,"featured_media":8292,"comment_status":"open","ping_status":"open","sticky":false,"template":"","format":"standard","meta":{"footnotes":""},"categories":[2],"tags":[],"class_list":["post-8291","post","type-post","status-publish","format-standard","has-post-thumbnail","hentry","category-blog"],"yoast_head":"<!-- This site is optimized with the Yoast SEO plugin v26.7 - https:\/\/yoast.com\/wordpress\/plugins\/seo\/ -->\n<title>SOCLEMA \u00e0 Mesures Solutions EXPO le 16 et 17 octobre \u00e0 Lyon - Soclema<\/title>\n<meta name=\"description\" content=\"SOCLEMA sera pr\u00e9sent au salon Mesures Solutions EXPO2024, qui aura lieu \u00e0 Lyon le 16 et 17 octobre 2024 - Stand C42\" \/>\n<meta name=\"robots\" content=\"index, follow, max-snippet:-1, max-image-preview:large, max-video-preview:-1\" \/>\n<link rel=\"canonical\" href=\"https:\/\/soclema.com\/les-actualites\/2024\/09\/02\/soclema-a-mesures-solutions-expo-le-16-et-octobre-a-lyon\/\" \/>\n<meta property=\"og:locale\" content=\"fr_FR\" \/>\n<meta property=\"og:type\" content=\"article\" \/>\n<meta property=\"og:title\" content=\"SOCLEMA \u00e0 Mesures Solutions EXPO le 16 et 17 octobre \u00e0 Lyon - Soclema\" \/>\n<meta property=\"og:description\" content=\"SOCLEMA sera pr\u00e9sent au salon Mesures Solutions EXPO2024, qui aura lieu \u00e0 Lyon le 16 et 17 octobre 2024 - Stand C42\" \/>\n<meta property=\"og:url\" content=\"https:\/\/soclema.com\/les-actualites\/2024\/09\/02\/soclema-a-mesures-solutions-expo-le-16-et-octobre-a-lyon\/\" \/>\n<meta property=\"og:site_name\" content=\"Soclema\" \/>\n<meta property=\"article:published_time\" content=\"2024-09-02T06:39:00+00:00\" \/>\n<meta property=\"article:modified_time\" content=\"2024-09-06T07:31:15+00:00\" \/>\n<meta property=\"og:image\" content=\"https:\/\/soclema.com\/les-actualites\/wp-content\/uploads\/2024\/07\/ban_120x120px_MSE24.jpg\" \/>\n\t<meta property=\"og:image:width\" content=\"120\" \/>\n\t<meta property=\"og:image:height\" content=\"120\" \/>\n\t<meta property=\"og:image:type\" content=\"image\/jpeg\" \/>\n<meta name=\"author\" content=\"Fabienne Fronti\u00e8re\" \/>\n<meta name=\"twitter:card\" content=\"summary_large_image\" \/>\n<meta name=\"twitter:label1\" content=\"\u00c9crit par\" \/>\n\t<meta name=\"twitter:data1\" content=\"Fabienne Fronti\u00e8re\" \/>\n\t<meta name=\"twitter:label2\" content=\"Dur\u00e9e de lecture estim\u00e9e\" \/>\n\t<meta name=\"twitter:data2\" content=\"1 minute\" \/>\n<script type=\"application\/ld+json\" class=\"yoast-schema-graph\">{\"@context\":\"https:\/\/schema.org\",\"@graph\":[{\"@type\":\"Article\",\"@id\":\"https:\/\/soclema.com\/les-actualites\/2024\/09\/02\/soclema-a-mesures-solutions-expo-le-16-et-octobre-a-lyon\/#article\",\"isPartOf\":{\"@id\":\"https:\/\/soclema.com\/les-actualites\/2024\/09\/02\/soclema-a-mesures-solutions-expo-le-16-et-octobre-a-lyon\/\"},\"author\":{\"name\":\"Fabienne Fronti\u00e8re\",\"@id\":\"https:\/\/soclema.com\/les-actualites\/#\/schema\/person\/e458f2d36ae1a6f21885f76b85591d45\"},\"headline\":\"SOCLEMA \u00e0 Mesures Solutions EXPO le 16 et 17 octobre \u00e0 Lyon\",\"datePublished\":\"2024-09-02T06:39:00+00:00\",\"dateModified\":\"2024-09-06T07:31:15+00:00\",\"mainEntityOfPage\":{\"@id\":\"https:\/\/soclema.com\/les-actualites\/2024\/09\/02\/soclema-a-mesures-solutions-expo-le-16-et-octobre-a-lyon\/\"},\"wordCount\":41,\"commentCount\":0,\"image\":{\"@id\":\"https:\/\/soclema.com\/les-actualites\/2024\/09\/02\/soclema-a-mesures-solutions-expo-le-16-et-octobre-a-lyon\/#primaryimage\"},\"thumbnailUrl\":\"https:\/\/soclema.com\/les-actualites\/wp-content\/uploads\/2024\/07\/ban_120x120px_MSE24.jpg\",\"articleSection\":[\"Blog\"],\"inLanguage\":\"fr-FR\",\"potentialAction\":[{\"@type\":\"CommentAction\",\"name\":\"Comment\",\"target\":[\"https:\/\/soclema.com\/les-actualites\/2024\/09\/02\/soclema-a-mesures-solutions-expo-le-16-et-octobre-a-lyon\/#respond\"]}]},{\"@type\":\"WebPage\",\"@id\":\"https:\/\/soclema.com\/les-actualites\/2024\/09\/02\/soclema-a-mesures-solutions-expo-le-16-et-octobre-a-lyon\/\",\"url\":\"https:\/\/soclema.com\/les-actualites\/2024\/09\/02\/soclema-a-mesures-solutions-expo-le-16-et-octobre-a-lyon\/\",\"name\":\"SOCLEMA \u00e0 Mesures Solutions EXPO le 16 et 17 octobre \u00e0 Lyon - Soclema\",\"isPartOf\":{\"@id\":\"https:\/\/soclema.com\/les-actualites\/#website\"},\"primaryImageOfPage\":{\"@id\":\"https:\/\/soclema.com\/les-actualites\/2024\/09\/02\/soclema-a-mesures-solutions-expo-le-16-et-octobre-a-lyon\/#primaryimage\"},\"image\":{\"@id\":\"https:\/\/soclema.com\/les-actualites\/2024\/09\/02\/soclema-a-mesures-solutions-expo-le-16-et-octobre-a-lyon\/#primaryimage\"},\"thumbnailUrl\":\"https:\/\/soclema.com\/les-actualites\/wp-content\/uploads\/2024\/07\/ban_120x120px_MSE24.jpg\",\"datePublished\":\"2024-09-02T06:39:00+00:00\",\"dateModified\":\"2024-09-06T07:31:15+00:00\",\"author\":{\"@id\":\"https:\/\/soclema.com\/les-actualites\/#\/schema\/person\/e458f2d36ae1a6f21885f76b85591d45\"},\"description\":\"SOCLEMA sera pr\u00e9sent au salon Mesures Solutions EXPO2024, qui aura lieu \u00e0 Lyon le 16 et 17 octobre 2024 - Stand C42\",\"breadcrumb\":{\"@id\":\"https:\/\/soclema.com\/les-actualites\/2024\/09\/02\/soclema-a-mesures-solutions-expo-le-16-et-octobre-a-lyon\/#breadcrumb\"},\"inLanguage\":\"fr-FR\",\"potentialAction\":[{\"@type\":\"ReadAction\",\"target\":[\"https:\/\/soclema.com\/les-actualites\/2024\/09\/02\/soclema-a-mesures-solutions-expo-le-16-et-octobre-a-lyon\/\"]}]},{\"@type\":\"ImageObject\",\"inLanguage\":\"fr-FR\",\"@id\":\"https:\/\/soclema.com\/les-actualites\/2024\/09\/02\/soclema-a-mesures-solutions-expo-le-16-et-octobre-a-lyon\/#primaryimage\",\"url\":\"https:\/\/soclema.com\/les-actualites\/wp-content\/uploads\/2024\/07\/ban_120x120px_MSE24.jpg\",\"contentUrl\":\"https:\/\/soclema.com\/les-actualites\/wp-content\/uploads\/2024\/07\/ban_120x120px_MSE24.jpg\",\"width\":120,\"height\":120,\"caption\":\"soclema-mesures-solutions-expo-2024-stand-c42\"},{\"@type\":\"BreadcrumbList\",\"@id\":\"https:\/\/soclema.com\/les-actualites\/2024\/09\/02\/soclema-a-mesures-solutions-expo-le-16-et-octobre-a-lyon\/#breadcrumb\",\"itemListElement\":[{\"@type\":\"ListItem\",\"position\":1,\"name\":\"Accueil\",\"item\":\"https:\/\/soclema.com\/les-actualites\/\"},{\"@type\":\"ListItem\",\"position\":2,\"name\":\"SOCLEMA \u00e0 Mesures Solutions EXPO le 16 et 17 octobre \u00e0 Lyon\"}]},{\"@type\":\"WebSite\",\"@id\":\"https:\/\/soclema.com\/les-actualites\/#website\",\"url\":\"https:\/\/soclema.com\/les-actualites\/\",\"name\":\"Soclema\",\"description\":\"\",\"potentialAction\":[{\"@type\":\"SearchAction\",\"target\":{\"@type\":\"EntryPoint\",\"urlTemplate\":\"https:\/\/soclema.com\/les-actualites\/?s={search_term_string}\"},\"query-input\":{\"@type\":\"PropertyValueSpecification\",\"valueRequired\":true,\"valueName\":\"search_term_string\"}}],\"inLanguage\":\"fr-FR\"},{\"@type\":\"Person\",\"@id\":\"https:\/\/soclema.com\/les-actualites\/#\/schema\/person\/e458f2d36ae1a6f21885f76b85591d45\",\"name\":\"Fabienne Fronti\u00e8re\",\"image\":{\"@type\":\"ImageObject\",\"inLanguage\":\"fr-FR\",\"@id\":\"https:\/\/soclema.com\/les-actualites\/#\/schema\/person\/image\/\",\"url\":\"https:\/\/secure.gravatar.com\/avatar\/d6f5f28870cbf2756828e2f532ee86ee08af743eda5b6911ab9abe2d788a97ed?s=96&d=mm&r=g\",\"contentUrl\":\"https:\/\/secure.gravatar.com\/avatar\/d6f5f28870cbf2756828e2f532ee86ee08af743eda5b6911ab9abe2d788a97ed?s=96&d=mm&r=g\",\"caption\":\"Fabienne Fronti\u00e8re\"}}]}<\/script>\n<!-- \/ Yoast SEO plugin. -->","yoast_head_json":{"title":"SOCLEMA \u00e0 Mesures Solutions EXPO le 16 et 17 octobre \u00e0 Lyon - Soclema","description":"SOCLEMA sera pr\u00e9sent au salon Mesures Solutions EXPO2024, qui aura lieu \u00e0 Lyon le 16 et 17 octobre 2024 - Stand C42","robots":{"index":"index","follow":"follow","max-snippet":"max-snippet:-1","max-image-preview":"max-image-preview:large","max-video-preview":"max-video-preview:-1"},"canonical":"https:\/\/soclema.com\/les-actualites\/2024\/09\/02\/soclema-a-mesures-solutions-expo-le-16-et-octobre-a-lyon\/","og_locale":"fr_FR","og_type":"article","og_title":"SOCLEMA \u00e0 Mesures Solutions EXPO le 16 et 17 octobre \u00e0 Lyon - Soclema","og_description":"SOCLEMA sera pr\u00e9sent au salon Mesures Solutions EXPO2024, qui aura lieu \u00e0 Lyon le 16 et 17 octobre 2024 - Stand C42","og_url":"https:\/\/soclema.com\/les-actualites\/2024\/09\/02\/soclema-a-mesures-solutions-expo-le-16-et-octobre-a-lyon\/","og_site_name":"Soclema","article_published_time":"2024-09-02T06:39:00+00:00","article_modified_time":"2024-09-06T07:31:15+00:00","og_image":[{"width":120,"height":120,"url":"https:\/\/soclema.com\/les-actualites\/wp-content\/uploads\/2024\/07\/ban_120x120px_MSE24.jpg","type":"image\/jpeg"}],"author":"Fabienne Fronti\u00e8re","twitter_card":"summary_large_image","twitter_misc":{"\u00c9crit par":"Fabienne Fronti\u00e8re","Dur\u00e9e de lecture estim\u00e9e":"1 minute"},"schema":{"@context":"https:\/\/schema.org","@graph":[{"@type":"Article","@id":"https:\/\/soclema.com\/les-actualites\/2024\/09\/02\/soclema-a-mesures-solutions-expo-le-16-et-octobre-a-lyon\/#article","isPartOf":{"@id":"https:\/\/soclema.com\/les-actualites\/2024\/09\/02\/soclema-a-mesures-solutions-expo-le-16-et-octobre-a-lyon\/"},"author":{"name":"Fabienne Fronti\u00e8re","@id":"https:\/\/soclema.com\/les-actualites\/#\/schema\/person\/e458f2d36ae1a6f21885f76b85591d45"},"headline":"SOCLEMA \u00e0 Mesures Solutions EXPO le 16 et 17 octobre \u00e0 Lyon","datePublished":"2024-09-02T06:39:00+00:00","dateModified":"2024-09-06T07:31:15+00:00","mainEntityOfPage":{"@id":"https:\/\/soclema.com\/les-actualites\/2024\/09\/02\/soclema-a-mesures-solutions-expo-le-16-et-octobre-a-lyon\/"},"wordCount":41,"commentCount":0,"image":{"@id":"https:\/\/soclema.com\/les-actualites\/2024\/09\/02\/soclema-a-mesures-solutions-expo-le-16-et-octobre-a-lyon\/#primaryimage"},"thumbnailUrl":"https:\/\/soclema.com\/les-actualites\/wp-content\/uploads\/2024\/07\/ban_120x120px_MSE24.jpg","articleSection":["Blog"],"inLanguage":"fr-FR","potentialAction":[{"@type":"CommentAction","name":"Comment","target":["https:\/\/soclema.com\/les-actualites\/2024\/09\/02\/soclema-a-mesures-solutions-expo-le-16-et-octobre-a-lyon\/#respond"]}]},{"@type":"WebPage","@id":"https:\/\/soclema.com\/les-actualites\/2024\/09\/02\/soclema-a-mesures-solutions-expo-le-16-et-octobre-a-lyon\/","url":"https:\/\/soclema.com\/les-actualites\/2024\/09\/02\/soclema-a-mesures-solutions-expo-le-16-et-octobre-a-lyon\/","name":"SOCLEMA \u00e0 Mesures Solutions EXPO le 16 et 17 octobre \u00e0 Lyon - Soclema","isPartOf":{"@id":"https:\/\/soclema.com\/les-actualites\/#website"},"primaryImageOfPage":{"@id":"https:\/\/soclema.com\/les-actualites\/2024\/09\/02\/soclema-a-mesures-solutions-expo-le-16-et-octobre-a-lyon\/#primaryimage"},"image":{"@id":"https:\/\/soclema.com\/les-actualites\/2024\/09\/02\/soclema-a-mesures-solutions-expo-le-16-et-octobre-a-lyon\/#primaryimage"},"thumbnailUrl":"https:\/\/soclema.com\/les-actualites\/wp-content\/uploads\/2024\/07\/ban_120x120px_MSE24.jpg","datePublished":"2024-09-02T06:39:00+00:00","dateModified":"2024-09-06T07:31:15+00:00","author":{"@id":"https:\/\/soclema.com\/les-actualites\/#\/schema\/person\/e458f2d36ae1a6f21885f76b85591d45"},"description":"SOCLEMA sera pr\u00e9sent au salon Mesures Solutions EXPO2024, qui aura lieu \u00e0 Lyon le 16 et 17 octobre 2024 - Stand C42","breadcrumb":{"@id":"https:\/\/soclema.com\/les-actualites\/2024\/09\/02\/soclema-a-mesures-solutions-expo-le-16-et-octobre-a-lyon\/#breadcrumb"},"inLanguage":"fr-FR","potentialAction":[{"@type":"ReadAction","target":["https:\/\/soclema.com\/les-actualites\/2024\/09\/02\/soclema-a-mesures-solutions-expo-le-16-et-octobre-a-lyon\/"]}]},{"@type":"ImageObject","inLanguage":"fr-FR","@id":"https:\/\/soclema.com\/les-actualites\/2024\/09\/02\/soclema-a-mesures-solutions-expo-le-16-et-octobre-a-lyon\/#primaryimage","url":"https:\/\/soclema.com\/les-actualites\/wp-content\/uploads\/2024\/07\/ban_120x120px_MSE24.jpg","contentUrl":"https:\/\/soclema.com\/les-actualites\/wp-content\/uploads\/2024\/07\/ban_120x120px_MSE24.jpg","width":120,"height":120,"caption":"soclema-mesures-solutions-expo-2024-stand-c42"},{"@type":"BreadcrumbList","@id":"https:\/\/soclema.com\/les-actualites\/2024\/09\/02\/soclema-a-mesures-solutions-expo-le-16-et-octobre-a-lyon\/#breadcrumb","itemListElement":[{"@type":"ListItem","position":1,"name":"Accueil","item":"https:\/\/soclema.com\/les-actualites\/"},{"@type":"ListItem","position":2,"name":"SOCLEMA \u00e0 Mesures Solutions EXPO le 16 et 17 octobre \u00e0 Lyon"}]},{"@type":"WebSite","@id":"https:\/\/soclema.com\/les-actualites\/#website","url":"https:\/\/soclema.com\/les-actualites\/","name":"Soclema","description":"","potentialAction":[{"@type":"SearchAction","target":{"@type":"EntryPoint","urlTemplate":"https:\/\/soclema.com\/les-actualites\/?s={search_term_string}"},"query-input":{"@type":"PropertyValueSpecification","valueRequired":true,"valueName":"search_term_string"}}],"inLanguage":"fr-FR"},{"@type":"Person","@id":"https:\/\/soclema.com\/les-actualites\/#\/schema\/person\/e458f2d36ae1a6f21885f76b85591d45","name":"Fabienne Fronti\u00e8re","image":{"@type":"ImageObject","inLanguage":"fr-FR","@id":"https:\/\/soclema.com\/les-actualites\/#\/schema\/person\/image\/","url":"https:\/\/secure.gravatar.com\/avatar\/d6f5f28870cbf2756828e2f532ee86ee08af743eda5b6911ab9abe2d788a97ed?s=96&d=mm&r=g","contentUrl":"https:\/\/secure.gravatar.com\/avatar\/d6f5f28870cbf2756828e2f532ee86ee08af743eda5b6911ab9abe2d788a97ed?s=96&d=mm&r=g","caption":"Fabienne Fronti\u00e8re"}}]}},"_links":{"self":[{"href":"https:\/\/soclema.com\/les-actualites\/wp-json\/wp\/v2\/posts\/8291","targetHints":{"allow":["GET"]}}],"collection":[{"href":"https:\/\/soclema.com\/les-actualites\/wp-json\/wp\/v2\/posts"}],"about":[{"href":"https:\/\/soclema.com\/les-actualites\/wp-json\/wp\/v2\/types\/post"}],"author":[{"embeddable":true,"href":"https:\/\/soclema.com\/les-actualites\/wp-json\/wp\/v2\/users\/5"}],"replies":[{"embeddable":true,"href":"https:\/\/soclema.com\/les-actualites\/wp-json\/wp\/v2\/comments?post=8291"}],"version-history":[{"count":9,"href":"https:\/\/soclema.com\/les-actualites\/wp-json\/wp\/v2\/posts\/8291\/revisions"}],"predecessor-version":[{"id":8451,"href":"https:\/\/soclema.com\/les-actualites\/wp-json\/wp\/v2\/posts\/8291\/revisions\/8451"}],"wp:featuredmedia":[{"embeddable":true,"href":"https:\/\/soclema.com\/les-actualites\/wp-json\/wp\/v2\/media\/8292"}],"wp:attachment":[{"href":"https:\/\/soclema.com\/les-actualites\/wp-json\/wp\/v2\/media?parent=8291"}],"wp:term":[{"taxonomy":"category","embeddable":true,"href":"https:\/\/soclema.com\/les-actualites\/wp-json\/wp\/v2\/categories?post=8291"},{"taxonomy":"post_tag","embeddable":true,"href":"https:\/\/soclema.com\/les-actualites\/wp-json\/wp\/v2\/tags?post=8291"}],"curies":[{"name":"wp","href":"https:\/\/api.w.org\/{rel}","templated":true}]}}