{"id":8654,"date":"2025-02-04T16:32:37","date_gmt":"2025-02-04T15:32:37","guid":{"rendered":"https:\/\/soclema.com\/les-actualites\/?p=8654"},"modified":"2025-02-04T17:18:32","modified_gmt":"2025-02-04T16:18:32","slug":"adhesion-au-reseau-mesure","status":"publish","type":"post","link":"https:\/\/soclema.com\/les-actualites\/2025\/02\/04\/adhesion-au-reseau-mesure\/","title":{"rendered":"SOCLEMA fait d\u00e9sormais partie du R\u00e9seau Mesure"},"content":{"rendered":"\n<p>Nous avons le plaisir d&#8217;annoncer notre adh\u00e9sion au <strong><a href=\"https:\/\/www.reseau-mesure.com\/\" target=\"_blank\" rel=\"noreferrer noopener\">R\u00e9seau Mesure<\/a><\/strong>, le R\u00e9seau Sp\u00e9cialiste de la Mesure.<\/p>\n\n\n\n<div class=\"wp-block-image\"><figure class=\"aligncenter size-full is-resized\"><a href=\"https:\/\/www.reseau-mesure.com\/\" target=\"_blank\" rel=\"noopener\"><img loading=\"lazy\" decoding=\"async\" src=\"https:\/\/soclema.com\/les-actualites\/wp-content\/uploads\/2025\/01\/Logo-Reseau-Mesure.png\" alt=\"\" class=\"wp-image-8655\" width=\"225\" height=\"120\"\/><\/a><\/figure><\/div>\n\n\n\n<p>Le R\u00e9seau Mesure est une association loi 1901 \u00e0 but non lucratif regroupant des <strong>entreprises sp\u00e9cialistes de l&#8217;instrumentation, de la&nbsp;mesure<\/strong> et d&#8217;activit\u00e9s connexes avec pour objectif de renforcer la comp\u00e9titivit\u00e9 des entreprises en r\u00e9pondant \u00e0 leur <strong>besoin de d\u00e9veloppement<\/strong>.<\/p>\n\n\n\n<p>Depuis 2002, Le R\u00e9seau Mesure a un mode de fonctionnement \u00e9tabli autour de deux principes forts :<\/p>\n\n\n\n<ol class=\"wp-block-list\"><li>Les adh\u00e9rents proposent des actions<\/li><li>Le R\u00e9seau Mesure, s&#8217;il apporte&nbsp;une valeur ajout\u00e9e, les met en oeuvre dans un cadre collectif.<\/li><\/ol>\n\n\n\n<p>\u21d2 La mise en \u0153uvre de synergies cr\u00e9atrices de valeur.<br>\u21d2 Une source d\u2019\u00e9conomies suppl\u00e9mentaires pour les adh\u00e9rents par le biais d\u2019actions mutualis\u00e9es pilot\u00e9es par des groupes de travail d\u00e9di\u00e9s.<\/p>\n\n\n\n<p><strong>\u2666 Aider au d\u00e9veloppement des soci\u00e9t\u00e9s adh\u00e9rentes<\/strong><\/p>\n\n\n\n<ul class=\"wp-block-list\"><li>En apportant une offre de services mutualis\u00e9e \u00e0 ses adh\u00e9rents<\/li><li>En apportant des solutions collectives \u00e0 valeur ajout\u00e9e<\/li><li>En valorisant les savoir-faire et comp\u00e9tences de ses adh\u00e9rents<\/li><\/ul>\n\n\n\n<p><\/p>\n","protected":false},"excerpt":{"rendered":"<p>Nous avons le plaisir d&#8217;annoncer notre adh\u00e9sion au R\u00e9seau Mesure, le R\u00e9seau Sp\u00e9cialiste de la Mesure. Le R\u00e9seau Mesure est une association loi 1901 \u00e0 but non lucratif regroupant des entreprises sp\u00e9cialistes de l&#8217;instrumentation, de la&nbsp;mesure et d&#8217;activit\u00e9s connexes avec pour objectif de renforcer la comp\u00e9titivit\u00e9 des entreprises en r\u00e9pondant \u00e0 leur besoin de d\u00e9veloppement. [&hellip;]<\/p>\n","protected":false},"author":5,"featured_media":8693,"comment_status":"open","ping_status":"open","sticky":false,"template":"","format":"standard","meta":{"footnotes":""},"categories":[2],"tags":[],"class_list":["post-8654","post","type-post","status-publish","format-standard","has-post-thumbnail","hentry","category-blog"],"yoast_head":"<!-- This site is optimized with the Yoast SEO plugin v26.7 - https:\/\/yoast.com\/wordpress\/plugins\/seo\/ -->\n<title>SOCLEMA fait d\u00e9sormais partie du R\u00e9seau Mesure - Soclema<\/title>\n<meta name=\"description\" content=\"Nous avons le plaisir d&#039;annoncer notre adh\u00e9sion au R\u00e9seau Mesure, r\u00e9seau dynamique et convivial, sp\u00e9cialiste de la mesure!\" \/>\n<meta name=\"robots\" content=\"index, follow, max-snippet:-1, max-image-preview:large, max-video-preview:-1\" \/>\n<link rel=\"canonical\" href=\"https:\/\/soclema.com\/les-actualites\/2025\/02\/04\/adhesion-au-reseau-mesure\/\" \/>\n<meta property=\"og:locale\" content=\"fr_FR\" \/>\n<meta property=\"og:type\" content=\"article\" \/>\n<meta property=\"og:title\" content=\"SOCLEMA fait d\u00e9sormais partie du R\u00e9seau Mesure - Soclema\" \/>\n<meta property=\"og:description\" content=\"Nous avons le plaisir d&#039;annoncer notre adh\u00e9sion au R\u00e9seau Mesure, r\u00e9seau dynamique et convivial, sp\u00e9cialiste de la mesure!\" \/>\n<meta property=\"og:url\" content=\"https:\/\/soclema.com\/les-actualites\/2025\/02\/04\/adhesion-au-reseau-mesure\/\" \/>\n<meta property=\"og:site_name\" content=\"Soclema\" \/>\n<meta property=\"article:published_time\" content=\"2025-02-04T15:32:37+00:00\" \/>\n<meta property=\"article:modified_time\" content=\"2025-02-04T16:18:32+00:00\" \/>\n<meta property=\"og:image\" content=\"https:\/\/soclema.com\/les-actualites\/wp-content\/uploads\/2025\/02\/Logo-Reseau-Mesure-MN.png\" \/>\n\t<meta property=\"og:image:width\" content=\"497\" \/>\n\t<meta property=\"og:image:height\" content=\"500\" \/>\n\t<meta property=\"og:image:type\" content=\"image\/png\" \/>\n<meta name=\"author\" content=\"Fabienne Fronti\u00e8re\" \/>\n<meta name=\"twitter:card\" content=\"summary_large_image\" \/>\n<meta name=\"twitter:label1\" content=\"\u00c9crit par\" \/>\n\t<meta name=\"twitter:data1\" content=\"Fabienne Fronti\u00e8re\" \/>\n\t<meta name=\"twitter:label2\" content=\"Dur\u00e9e de lecture estim\u00e9e\" \/>\n\t<meta name=\"twitter:data2\" content=\"1 minute\" \/>\n<script type=\"application\/ld+json\" class=\"yoast-schema-graph\">{\"@context\":\"https:\/\/schema.org\",\"@graph\":[{\"@type\":\"Article\",\"@id\":\"https:\/\/soclema.com\/les-actualites\/2025\/02\/04\/adhesion-au-reseau-mesure\/#article\",\"isPartOf\":{\"@id\":\"https:\/\/soclema.com\/les-actualites\/2025\/02\/04\/adhesion-au-reseau-mesure\/\"},\"author\":{\"name\":\"Fabienne Fronti\u00e8re\",\"@id\":\"https:\/\/soclema.com\/les-actualites\/#\/schema\/person\/e458f2d36ae1a6f21885f76b85591d45\"},\"headline\":\"SOCLEMA fait d\u00e9sormais partie du R\u00e9seau Mesure\",\"datePublished\":\"2025-02-04T15:32:37+00:00\",\"dateModified\":\"2025-02-04T16:18:32+00:00\",\"mainEntityOfPage\":{\"@id\":\"https:\/\/soclema.com\/les-actualites\/2025\/02\/04\/adhesion-au-reseau-mesure\/\"},\"wordCount\":191,\"commentCount\":0,\"image\":{\"@id\":\"https:\/\/soclema.com\/les-actualites\/2025\/02\/04\/adhesion-au-reseau-mesure\/#primaryimage\"},\"thumbnailUrl\":\"https:\/\/soclema.com\/les-actualites\/wp-content\/uploads\/2025\/02\/Logo-Reseau-Mesure-MN.png\",\"articleSection\":[\"Blog\"],\"inLanguage\":\"fr-FR\",\"potentialAction\":[{\"@type\":\"CommentAction\",\"name\":\"Comment\",\"target\":[\"https:\/\/soclema.com\/les-actualites\/2025\/02\/04\/adhesion-au-reseau-mesure\/#respond\"]}]},{\"@type\":\"WebPage\",\"@id\":\"https:\/\/soclema.com\/les-actualites\/2025\/02\/04\/adhesion-au-reseau-mesure\/\",\"url\":\"https:\/\/soclema.com\/les-actualites\/2025\/02\/04\/adhesion-au-reseau-mesure\/\",\"name\":\"SOCLEMA fait d\u00e9sormais partie du R\u00e9seau Mesure - Soclema\",\"isPartOf\":{\"@id\":\"https:\/\/soclema.com\/les-actualites\/#website\"},\"primaryImageOfPage\":{\"@id\":\"https:\/\/soclema.com\/les-actualites\/2025\/02\/04\/adhesion-au-reseau-mesure\/#primaryimage\"},\"image\":{\"@id\":\"https:\/\/soclema.com\/les-actualites\/2025\/02\/04\/adhesion-au-reseau-mesure\/#primaryimage\"},\"thumbnailUrl\":\"https:\/\/soclema.com\/les-actualites\/wp-content\/uploads\/2025\/02\/Logo-Reseau-Mesure-MN.png\",\"datePublished\":\"2025-02-04T15:32:37+00:00\",\"dateModified\":\"2025-02-04T16:18:32+00:00\",\"author\":{\"@id\":\"https:\/\/soclema.com\/les-actualites\/#\/schema\/person\/e458f2d36ae1a6f21885f76b85591d45\"},\"description\":\"Nous avons le plaisir d'annoncer notre adh\u00e9sion au R\u00e9seau Mesure, r\u00e9seau dynamique et convivial, sp\u00e9cialiste de la mesure!\",\"breadcrumb\":{\"@id\":\"https:\/\/soclema.com\/les-actualites\/2025\/02\/04\/adhesion-au-reseau-mesure\/#breadcrumb\"},\"inLanguage\":\"fr-FR\",\"potentialAction\":[{\"@type\":\"ReadAction\",\"target\":[\"https:\/\/soclema.com\/les-actualites\/2025\/02\/04\/adhesion-au-reseau-mesure\/\"]}]},{\"@type\":\"ImageObject\",\"inLanguage\":\"fr-FR\",\"@id\":\"https:\/\/soclema.com\/les-actualites\/2025\/02\/04\/adhesion-au-reseau-mesure\/#primaryimage\",\"url\":\"https:\/\/soclema.com\/les-actualites\/wp-content\/uploads\/2025\/02\/Logo-Reseau-Mesure-MN.png\",\"contentUrl\":\"https:\/\/soclema.com\/les-actualites\/wp-content\/uploads\/2025\/02\/Logo-Reseau-Mesure-MN.png\",\"width\":497,\"height\":500,\"caption\":\"Logo-Reseau-Mesure\"},{\"@type\":\"BreadcrumbList\",\"@id\":\"https:\/\/soclema.com\/les-actualites\/2025\/02\/04\/adhesion-au-reseau-mesure\/#breadcrumb\",\"itemListElement\":[{\"@type\":\"ListItem\",\"position\":1,\"name\":\"Accueil\",\"item\":\"https:\/\/soclema.com\/les-actualites\/\"},{\"@type\":\"ListItem\",\"position\":2,\"name\":\"SOCLEMA fait d\u00e9sormais partie du R\u00e9seau Mesure\"}]},{\"@type\":\"WebSite\",\"@id\":\"https:\/\/soclema.com\/les-actualites\/#website\",\"url\":\"https:\/\/soclema.com\/les-actualites\/\",\"name\":\"Soclema\",\"description\":\"\",\"potentialAction\":[{\"@type\":\"SearchAction\",\"target\":{\"@type\":\"EntryPoint\",\"urlTemplate\":\"https:\/\/soclema.com\/les-actualites\/?s={search_term_string}\"},\"query-input\":{\"@type\":\"PropertyValueSpecification\",\"valueRequired\":true,\"valueName\":\"search_term_string\"}}],\"inLanguage\":\"fr-FR\"},{\"@type\":\"Person\",\"@id\":\"https:\/\/soclema.com\/les-actualites\/#\/schema\/person\/e458f2d36ae1a6f21885f76b85591d45\",\"name\":\"Fabienne Fronti\u00e8re\",\"image\":{\"@type\":\"ImageObject\",\"inLanguage\":\"fr-FR\",\"@id\":\"https:\/\/soclema.com\/les-actualites\/#\/schema\/person\/image\/\",\"url\":\"https:\/\/secure.gravatar.com\/avatar\/d6f5f28870cbf2756828e2f532ee86ee08af743eda5b6911ab9abe2d788a97ed?s=96&d=mm&r=g\",\"contentUrl\":\"https:\/\/secure.gravatar.com\/avatar\/d6f5f28870cbf2756828e2f532ee86ee08af743eda5b6911ab9abe2d788a97ed?s=96&d=mm&r=g\",\"caption\":\"Fabienne Fronti\u00e8re\"}}]}<\/script>\n<!-- \/ Yoast SEO plugin. -->","yoast_head_json":{"title":"SOCLEMA fait d\u00e9sormais partie du R\u00e9seau Mesure - Soclema","description":"Nous avons le plaisir d'annoncer notre adh\u00e9sion au R\u00e9seau Mesure, r\u00e9seau dynamique et convivial, sp\u00e9cialiste de la mesure!","robots":{"index":"index","follow":"follow","max-snippet":"max-snippet:-1","max-image-preview":"max-image-preview:large","max-video-preview":"max-video-preview:-1"},"canonical":"https:\/\/soclema.com\/les-actualites\/2025\/02\/04\/adhesion-au-reseau-mesure\/","og_locale":"fr_FR","og_type":"article","og_title":"SOCLEMA fait d\u00e9sormais partie du R\u00e9seau Mesure - Soclema","og_description":"Nous avons le plaisir d'annoncer notre adh\u00e9sion au R\u00e9seau Mesure, r\u00e9seau dynamique et convivial, sp\u00e9cialiste de la mesure!","og_url":"https:\/\/soclema.com\/les-actualites\/2025\/02\/04\/adhesion-au-reseau-mesure\/","og_site_name":"Soclema","article_published_time":"2025-02-04T15:32:37+00:00","article_modified_time":"2025-02-04T16:18:32+00:00","og_image":[{"width":497,"height":500,"url":"https:\/\/soclema.com\/les-actualites\/wp-content\/uploads\/2025\/02\/Logo-Reseau-Mesure-MN.png","type":"image\/png"}],"author":"Fabienne Fronti\u00e8re","twitter_card":"summary_large_image","twitter_misc":{"\u00c9crit par":"Fabienne Fronti\u00e8re","Dur\u00e9e de lecture estim\u00e9e":"1 minute"},"schema":{"@context":"https:\/\/schema.org","@graph":[{"@type":"Article","@id":"https:\/\/soclema.com\/les-actualites\/2025\/02\/04\/adhesion-au-reseau-mesure\/#article","isPartOf":{"@id":"https:\/\/soclema.com\/les-actualites\/2025\/02\/04\/adhesion-au-reseau-mesure\/"},"author":{"name":"Fabienne Fronti\u00e8re","@id":"https:\/\/soclema.com\/les-actualites\/#\/schema\/person\/e458f2d36ae1a6f21885f76b85591d45"},"headline":"SOCLEMA fait d\u00e9sormais partie du R\u00e9seau Mesure","datePublished":"2025-02-04T15:32:37+00:00","dateModified":"2025-02-04T16:18:32+00:00","mainEntityOfPage":{"@id":"https:\/\/soclema.com\/les-actualites\/2025\/02\/04\/adhesion-au-reseau-mesure\/"},"wordCount":191,"commentCount":0,"image":{"@id":"https:\/\/soclema.com\/les-actualites\/2025\/02\/04\/adhesion-au-reseau-mesure\/#primaryimage"},"thumbnailUrl":"https:\/\/soclema.com\/les-actualites\/wp-content\/uploads\/2025\/02\/Logo-Reseau-Mesure-MN.png","articleSection":["Blog"],"inLanguage":"fr-FR","potentialAction":[{"@type":"CommentAction","name":"Comment","target":["https:\/\/soclema.com\/les-actualites\/2025\/02\/04\/adhesion-au-reseau-mesure\/#respond"]}]},{"@type":"WebPage","@id":"https:\/\/soclema.com\/les-actualites\/2025\/02\/04\/adhesion-au-reseau-mesure\/","url":"https:\/\/soclema.com\/les-actualites\/2025\/02\/04\/adhesion-au-reseau-mesure\/","name":"SOCLEMA fait d\u00e9sormais partie du R\u00e9seau Mesure - Soclema","isPartOf":{"@id":"https:\/\/soclema.com\/les-actualites\/#website"},"primaryImageOfPage":{"@id":"https:\/\/soclema.com\/les-actualites\/2025\/02\/04\/adhesion-au-reseau-mesure\/#primaryimage"},"image":{"@id":"https:\/\/soclema.com\/les-actualites\/2025\/02\/04\/adhesion-au-reseau-mesure\/#primaryimage"},"thumbnailUrl":"https:\/\/soclema.com\/les-actualites\/wp-content\/uploads\/2025\/02\/Logo-Reseau-Mesure-MN.png","datePublished":"2025-02-04T15:32:37+00:00","dateModified":"2025-02-04T16:18:32+00:00","author":{"@id":"https:\/\/soclema.com\/les-actualites\/#\/schema\/person\/e458f2d36ae1a6f21885f76b85591d45"},"description":"Nous avons le plaisir d'annoncer notre adh\u00e9sion au R\u00e9seau Mesure, r\u00e9seau dynamique et convivial, sp\u00e9cialiste de la mesure!","breadcrumb":{"@id":"https:\/\/soclema.com\/les-actualites\/2025\/02\/04\/adhesion-au-reseau-mesure\/#breadcrumb"},"inLanguage":"fr-FR","potentialAction":[{"@type":"ReadAction","target":["https:\/\/soclema.com\/les-actualites\/2025\/02\/04\/adhesion-au-reseau-mesure\/"]}]},{"@type":"ImageObject","inLanguage":"fr-FR","@id":"https:\/\/soclema.com\/les-actualites\/2025\/02\/04\/adhesion-au-reseau-mesure\/#primaryimage","url":"https:\/\/soclema.com\/les-actualites\/wp-content\/uploads\/2025\/02\/Logo-Reseau-Mesure-MN.png","contentUrl":"https:\/\/soclema.com\/les-actualites\/wp-content\/uploads\/2025\/02\/Logo-Reseau-Mesure-MN.png","width":497,"height":500,"caption":"Logo-Reseau-Mesure"},{"@type":"BreadcrumbList","@id":"https:\/\/soclema.com\/les-actualites\/2025\/02\/04\/adhesion-au-reseau-mesure\/#breadcrumb","itemListElement":[{"@type":"ListItem","position":1,"name":"Accueil","item":"https:\/\/soclema.com\/les-actualites\/"},{"@type":"ListItem","position":2,"name":"SOCLEMA fait d\u00e9sormais partie du R\u00e9seau Mesure"}]},{"@type":"WebSite","@id":"https:\/\/soclema.com\/les-actualites\/#website","url":"https:\/\/soclema.com\/les-actualites\/","name":"Soclema","description":"","potentialAction":[{"@type":"SearchAction","target":{"@type":"EntryPoint","urlTemplate":"https:\/\/soclema.com\/les-actualites\/?s={search_term_string}"},"query-input":{"@type":"PropertyValueSpecification","valueRequired":true,"valueName":"search_term_string"}}],"inLanguage":"fr-FR"},{"@type":"Person","@id":"https:\/\/soclema.com\/les-actualites\/#\/schema\/person\/e458f2d36ae1a6f21885f76b85591d45","name":"Fabienne Fronti\u00e8re","image":{"@type":"ImageObject","inLanguage":"fr-FR","@id":"https:\/\/soclema.com\/les-actualites\/#\/schema\/person\/image\/","url":"https:\/\/secure.gravatar.com\/avatar\/d6f5f28870cbf2756828e2f532ee86ee08af743eda5b6911ab9abe2d788a97ed?s=96&d=mm&r=g","contentUrl":"https:\/\/secure.gravatar.com\/avatar\/d6f5f28870cbf2756828e2f532ee86ee08af743eda5b6911ab9abe2d788a97ed?s=96&d=mm&r=g","caption":"Fabienne Fronti\u00e8re"}}]}},"_links":{"self":[{"href":"https:\/\/soclema.com\/les-actualites\/wp-json\/wp\/v2\/posts\/8654","targetHints":{"allow":["GET"]}}],"collection":[{"href":"https:\/\/soclema.com\/les-actualites\/wp-json\/wp\/v2\/posts"}],"about":[{"href":"https:\/\/soclema.com\/les-actualites\/wp-json\/wp\/v2\/types\/post"}],"author":[{"embeddable":true,"href":"https:\/\/soclema.com\/les-actualites\/wp-json\/wp\/v2\/users\/5"}],"replies":[{"embeddable":true,"href":"https:\/\/soclema.com\/les-actualites\/wp-json\/wp\/v2\/comments?post=8654"}],"version-history":[{"count":5,"href":"https:\/\/soclema.com\/les-actualites\/wp-json\/wp\/v2\/posts\/8654\/revisions"}],"predecessor-version":[{"id":8695,"href":"https:\/\/soclema.com\/les-actualites\/wp-json\/wp\/v2\/posts\/8654\/revisions\/8695"}],"wp:featuredmedia":[{"embeddable":true,"href":"https:\/\/soclema.com\/les-actualites\/wp-json\/wp\/v2\/media\/8693"}],"wp:attachment":[{"href":"https:\/\/soclema.com\/les-actualites\/wp-json\/wp\/v2\/media?parent=8654"}],"wp:term":[{"taxonomy":"category","embeddable":true,"href":"https:\/\/soclema.com\/les-actualites\/wp-json\/wp\/v2\/categories?post=8654"},{"taxonomy":"post_tag","embeddable":true,"href":"https:\/\/soclema.com\/les-actualites\/wp-json\/wp\/v2\/tags?post=8654"}],"curies":[{"name":"wp","href":"https:\/\/api.w.org\/{rel}","templated":true}]}}